{"id":8600,"date":"2026-04-10T10:48:19","date_gmt":"2026-04-10T07:48:19","guid":{"rendered":"https:\/\/www.durmusotomotiv.net\/?p=8600"},"modified":"2026-04-10T10:48:54","modified_gmt":"2026-04-10T07:48:54","slug":"miert-erdekes-romania-nem-csak-nyaron","status":"publish","type":"post","link":"https:\/\/www.durmusotomotiv.net\/index.php\/2026\/04\/10\/miert-erdekes-romania-nem-csak-nyaron\/","title":{"rendered":"Mi\u00e9rt \u00e9rdekes Rom\u00e1nia nem csak ny\u00e1ron"},"content":{"rendered":"<h1>Mi\u00e9rt \u00e9rdekes Rom\u00e1nia nem csak ny\u00e1ron<\/h1>\n<p>Nem ugyanazt keresi mindenki Rom\u00e1ni\u00e1ban: van, aki a v\u00e1rosok\u00e9rt megy, m\u00e1s a hegyek\u00e9rt vagy \u00e9pp a t\u00f6rt\u00e9nelmi \u00f6r\u00f6ks\u00e9g\u00e9rt indul el. A program ritmus\u00e1t ez is alak\u00edtja. Ett\u0151l az eg\u00e9sz program ar\u00e1nya is m\u00e1s lesz.<\/p>\n<h2>Milyen magyar kapcsol\u00f3d\u00e1sok \u00e9rz\u0151dnek er\u0151sen<\/h2>\n<p>Utaz\u00e1s k\u00f6zben gyorsan kider\u00fcl, mennyit v\u00e1ltozik Rom\u00e1nia t\u00e9rs\u00e9genk\u00e9nt. A s\u00edkabb szakaszokat r\u00f6vid id\u0151n bel\u00fcl hegyvid\u00e9ki t\u00e1jak k\u00f6vethetik, a nagyv\u00e1rosi r\u00e9szek ut\u00e1n pedig kisebb v\u00e1rosok \u00e9s kast\u00e9lyok j\u00f6nnek. Ez a v\u00e1rosi \u00e9s a term\u00e9szetk\u00f6zeli szakaszok k\u00f6z\u00f6tt is \u00e9rz\u0151dik.<\/p>\n<p>A Znaki FM port\u00e1l cikke bemutatja, milyen k\u00f6r\u00fclm\u00e9nyek k\u00f6z\u00f6tt t\u00f6rt\u00e9nhet <a href=\"https:\/\/znaki.fm\/hu\/places\/romania\/\">medvet\u00e1mad\u00e1s rom\u00e1nia<\/a> ter\u00fclet\u00e9n.<\/p>\n<p>Rom\u00e1nia f\u0151v\u00e1rosa Bukarest, r\u00e1ad\u00e1sul magyar oldalr\u00f3l is k\u00f6nnyen megk\u00f6zel\u00edthet\u0151 orsz\u00e1g. Ez az\u00e9rt l\u00e9nyeges magyar n\u00e9z\u0151pontb\u00f3l, mert Nagyv\u00e1rad, Arad vagy Kolozsv\u00e1r gyorsan el\u00e9rhet\u0151, de d\u00e9l \u00e9s kelet ir\u00e1ny\u00e1ban m\u00e1r j\u00f3val nagyobb l\u00e9pt\u00e9k\u0171 orsz\u00e1g t\u00e1rul fel. Ett\u0151l lesz igaz\u00e1n elt\u00e9r\u0151 k\u00e9t egym\u00e1st k\u00f6vet\u0151 meg\u00e1ll\u00f3 is.<\/p>\n<p>Egy r\u00f6videbb \u00fat \u00f6ssze\u00e1ll\u00edt\u00e1s\u00e1n\u00e1l ezek a szempontok gyakran el\u0151ker\u00fclnek: A program ritmus\u00e1t ez is alak\u00edtja. Ez f\u0151leg akkor l\u00e1tszik, ha t\u00f6bb r\u00e9gi\u00f3 ker\u00fcl egym\u00e1s mell\u00e9.<\/p>\n<ul>\n<li>a K\u00e1rp\u00e1tok vid\u00e9ke t\u00f6bbnapos kit\u00e9r\u0151t is meg\u00e9r<\/li>\n<li>Nagyv\u00e1rad gyakran term\u00e9szetes els\u0151 \u00e1llom\u00e1s Magyarorsz\u00e1g fel\u0151l<\/li>\n<li>a hosszabb \u00fatvonaln\u00e1l \u00e9rdemes egy-k\u00e9t nyugodtabb meg\u00e1ll\u00f3t is hagyni<\/li>\n<li>a t\u00f6rt\u00e9nelmi v\u00e1rosmagokhoz k\u00e9nyelmes gyalogos temp\u00f3 kell<\/li>\n<\/ul>\n<p>Az \u00fatiterv itt k\u00fcl\u00f6n\u00f6sen fontos. Erd\u00e9ly gyakran ad\u00f3d\u00f3 els\u0151 szakasz, de onnan a K\u00e1rp\u00e1tok, Bukarest vagy a Fekete-tenger fel\u00e9 is tov\u00e1bb lehet indulni. A rom\u00e1niai menetid\u0151k miatt tan\u00e1csos el\u0151re eld\u00f6nteni, hogy ink\u00e1bb v\u00e1rosn\u00e9z\u0151, hegyi vagy laz\u00e1bb, t\u00f6bb\u00e1llom\u00e1sos \u00fat k\u00e9sz\u00fcl. Ett\u0151l lesz igaz\u00e1n elt\u00e9r\u0151 k\u00e9t egym\u00e1st k\u00f6vet\u0151 meg\u00e1ll\u00f3 is.<\/p>\n<h3>Milyen meg\u00e1ll\u00f3k adnak er\u0151s \u00e9lm\u00e9nyt<\/h3>\n<p>Rom\u00e1nia kultur\u00e1lis karaktere nem egyetlen hagyom\u00e1nyra \u00e9p\u00fcl. Erd\u00e9lyben er\u0151sen jelen vannak a magyar \u00e9s sz\u00e1sz nyomok, Brass\u00f3 \u00e9s Nagyszeben ink\u00e1bb k\u00f6z\u00e9p-eur\u00f3pai hangulatot ad, Bukarest pedig sokkal nyersebb nagyv\u00e1rosi l\u00e9pt\u00e9ket mutat. Ez\u00e9rt tud egy r\u00f6videbb rom\u00e1niai \u00fat is sokf\u00e9le benyom\u00e1st adni. Ez az \u00fat ritmus\u00e1t is er\u0151sen befoly\u00e1solja.<\/p>\n<p>El\u0151ny lehet a k\u00f6zels\u00e9g \u00e9s a nagy t\u00e1ji v\u00e1ltozatoss\u00e1g, ugyanakkor a lassabb orsz\u00e1g\u00fati szakaszok vagy a hegyi utak k\u00f6nnyen \u00e1t\u00edrhatj\u00e1k a napi temp\u00f3t. K\u00f6zels\u00e9g Magyarorsz\u00e1ghoz az\u00e9rt sz\u00e1m\u00edt, mert r\u00f6videbb utakba is beilleszthet\u0151. V\u00e1ltoz\u00f3 \u00fath\u00e1l\u00f3zat pedig az\u00e9rt fontos, mert egyes szakaszok lassabbak lehetnek. A program ritmus\u00e1t ez is alak\u00edtja. Ez f\u0151leg t\u00f6bbnapos programn\u00e1l v\u00e1lik igaz\u00e1n l\u00e1that\u00f3v\u00e1.<\/p>\n<p>Az UNESCO jelenlegi list\u00e1i szerint Rom\u00e1ni\u00e1ban tizenegy vil\u00e1g\u00f6r\u00f6ks\u00e9gi helysz\u00edn tal\u00e1lhat\u00f3, ami \u00f6nmag\u00e1ban is jelzi, hogy egy r\u00f6vid utaz\u00e1sb\u00f3l csak r\u00e9szletek f\u00e9rnek bele. Emiatt sokkal jobb n\u00e9h\u00e1ny t\u00e9rs\u00e9get nyugodtabban megn\u00e9zni, mint t\u00fal sok pontot \u00f6sszek\u00f6tni egyetlen menetben. Ez a gyakorlatban sokszor t\u00f6bbet sz\u00e1m\u00edt, mint els\u0151re l\u00e1tszik.<\/p>\n<p>Az orsz\u00e1g t\u00f6rt\u00e9neti r\u00e9tegei nem egy korszak k\u00f6r\u00e9 rendez\u0151dnek. Erd\u00e9lyben a k\u00f6z\u00e9pkori \u00f6r\u00f6ks\u00e9g \u00e9s a t\u00f6bbnemzetis\u00e9g\u0171 m\u00falt er\u0151s, Bukarestben viszont teljesen m\u00e1s, nagyv\u00e1rosi karakter \u00e1ll \u00f6ssze. Ez a rom\u00e1niai utak egyik visszat\u00e9r\u0151 saj\u00e1toss\u00e1ga.<\/p>\n<p>A Znaki FM csapat\u00e1b\u00f3l M\u00e1ria Ferenczi jegyzi ezt az anyagot.<\/p>\n<p>Egy rom\u00e1niai \u00fat erej\u00e9t gyakran az adja, hogy egym\u00e1st\u00f3l elt\u00e9r\u0151 helysz\u00edneket kapcsol \u00f6ssze. Ez a meg\u00e1ll\u00f3k k\u00f6z\u00f6tti k\u00fcl\u00f6nbs\u00e9get is jobban kiemeli.<\/p>\n<p>A sz\u00f6veg 2026 m\u00e1rcius\u00e1ban k\u00e9sz\u00fclt.<\/p>\n","protected":false},"excerpt":{"rendered":"<p>Mi\u00e9rt \u00e9rdekes Rom\u00e1nia nem csak ny\u00e1ron Nem ugyanazt keresi mindenki Rom\u00e1ni\u00e1ban: van, aki a v\u00e1rosok\u00e9rt megy, m\u00e1s a hegyek\u00e9rt vagy \u00e9pp a t\u00f6rt\u00e9nelmi \u00f6r\u00f6ks\u00e9g\u00e9rt indul el. A program ritmus\u00e1t ez is alak\u00edtja. Ett\u0151l az eg\u00e9sz program ar\u00e1nya is m\u00e1s lesz. Milyen magyar kapcsol\u00f3d\u00e1sok \u00e9rz\u0151dnek er\u0151sen Utaz\u00e1s k\u00f6zben gyorsan kider\u00fcl, mennyit v\u00e1ltozik Rom\u00e1nia t\u00e9rs\u00e9genk\u00e9nt. A s\u00edkabb<\/p>\n","protected":false},"author":1,"featured_media":0,"comment_status":"open","ping_status":"open","sticky":false,"template":"","format":"standard","meta":{"footnotes":""},"categories":[159],"tags":[],"class_list":["post-8600","post","type-post","status-publish","format-standard","hentry","category-my-texts"],"_links":{"self":[{"href":"https:\/\/www.durmusotomotiv.net\/index.php\/wp-json\/wp\/v2\/posts\/8600"}],"collection":[{"href":"https:\/\/www.durmusotomotiv.net\/index.php\/wp-json\/wp\/v2\/posts"}],"about":[{"href":"https:\/\/www.durmusotomotiv.net\/index.php\/wp-json\/wp\/v2\/types\/post"}],"author":[{"embeddable":true,"href":"https:\/\/www.durmusotomotiv.net\/index.php\/wp-json\/wp\/v2\/users\/1"}],"replies":[{"embeddable":true,"href":"https:\/\/www.durmusotomotiv.net\/index.php\/wp-json\/wp\/v2\/comments?post=8600"}],"version-history":[{"count":1,"href":"https:\/\/www.durmusotomotiv.net\/index.php\/wp-json\/wp\/v2\/posts\/8600\/revisions"}],"predecessor-version":[{"id":8601,"href":"https:\/\/www.durmusotomotiv.net\/index.php\/wp-json\/wp\/v2\/posts\/8600\/revisions\/8601"}],"wp:attachment":[{"href":"https:\/\/www.durmusotomotiv.net\/index.php\/wp-json\/wp\/v2\/media?parent=8600"}],"wp:term":[{"taxonomy":"category","embeddable":true,"href":"https:\/\/www.durmusotomotiv.net\/index.php\/wp-json\/wp\/v2\/categories?post=8600"},{"taxonomy":"post_tag","embeddable":true,"href":"https:\/\/www.durmusotomotiv.net\/index.php\/wp-json\/wp\/v2\/tags?post=8600"}],"curies":[{"name":"wp","href":"https:\/\/api.w.org\/{rel}","templated":true}]}}